{"id":5606,"date":"2011-05-11T16:15:47","date_gmt":"2011-05-11T16:15:47","guid":{"rendered":"http:\/\/www.juanxxiii.e12.ve\/home\/?p=5606"},"modified":"2011-06-27T16:05:46","modified_gmt":"2011-06-27T16:05:46","slug":"5606","status":"publish","type":"post","link":"https:\/\/juanxxiii.e12.ve\/home\/archivos\/5606","title":{"rendered":"Invitaci\u00f3n a caminata por el dejar de fumar"},"content":{"rendered":"<p>La\u00a0Direcci\u00f3n y\u00a0la Coordinaci\u00f3n de Educaci\u00f3n F\u00edsica\u00a0y Deporte del Instituto Educacional Juan XXIII se complace en invitarle(s) a participar en el 1era. Caminata\u00a0\u00abPor\u00a0Dejar de Fumar\u00bb que se realizar\u00e1 en\u00a0Naguanagua y organizada por el Instituto\u00a0de\u00a0Deporte\u00a0del municipio.\u00a0La distancia del recorrido ser\u00e1 de 10 Kms.\u00a0<\/p>\n<p>El Juan XXIII presentar\u00e1 un grupo conformado por alumnos, representantes y profesores.\u00a0Aquellas personas\u00a0que deseen participar deben dejar el veh\u00edculo en el estacionamiento\u00a0del colegio y luego ser\u00e1n trasladados por un transporte\u00a0asignado.<\/p>\n<p>El\u00a0Juan XXIII har\u00e1 de la actividad un compartir por la salud donde todos est\u00e1n invitados.<\/p>\n<p>Hora\u00a0de inicio\u00a07:00am\u00a0el domingo 5\u00a0de junio, en\u00a0el campo Don Bosco de Naguanagua.\u00a0Inscripci\u00f3n gratis.<\/p>\n","protected":false},"excerpt":{"rendered":"<p>La\u00a0Direcci\u00f3n y\u00a0la Coordinaci\u00f3n de Educaci\u00f3n F\u00edsica\u00a0y Deporte del Instituto Educacional Juan XXIII se complace en invitarle(s)&#8230;<\/p>\n","protected":false},"author":9,"featured_media":29232,"comment_status":"closed","ping_status":"open","sticky":false,"template":"","format":"standard","meta":[],"categories":[],"tags":[],"_links":{"self":[{"href":"https:\/\/juanxxiii.e12.ve\/home\/wp-json\/wp\/v2\/posts\/5606"}],"collection":[{"href":"https:\/\/juanxxiii.e12.ve\/home\/wp-json\/wp\/v2\/posts"}],"about":[{"href":"https:\/\/juanxxiii.e12.ve\/home\/wp-json\/wp\/v2\/types\/post"}],"author":[{"embeddable":true,"href":"https:\/\/juanxxiii.e12.ve\/home\/wp-json\/wp\/v2\/users\/9"}],"replies":[{"embeddable":true,"href":"https:\/\/juanxxiii.e12.ve\/home\/wp-json\/wp\/v2\/comments?post=5606"}],"version-history":[{"count":11,"href":"https:\/\/juanxxiii.e12.ve\/home\/wp-json\/wp\/v2\/posts\/5606\/revisions"}],"predecessor-version":[{"id":5611,"href":"https:\/\/juanxxiii.e12.ve\/home\/wp-json\/wp\/v2\/posts\/5606\/revisions\/5611"}],"wp:featuredmedia":[{"embeddable":true,"href":"https:\/\/juanxxiii.e12.ve\/home\/wp-json\/wp\/v2\/media\/29232"}],"wp:attachment":[{"href":"https:\/\/juanxxiii.e12.ve\/home\/wp-json\/wp\/v2\/media?parent=5606"}],"wp:term":[{"taxonomy":"category","embeddable":true,"href":"https:\/\/juanxxiii.e12.ve\/home\/wp-json\/wp\/v2\/categories?post=5606"},{"taxonomy":"post_tag","embeddable":true,"href":"https:\/\/juanxxiii.e12.ve\/home\/wp-json\/wp\/v2\/tags?post=5606"}],"curies":[{"name":"wp","href":"https:\/\/api.w.org\/{rel}","templated":true}]}}