{"id":5547,"date":"2011-05-10T12:43:58","date_gmt":"2011-05-10T12:43:58","guid":{"rendered":"http:\/\/www.juanxxiii.e12.ve\/home\/?p=5547"},"modified":"2011-05-10T12:43:58","modified_gmt":"2011-05-10T12:43:58","slug":"divertida-celebracion-del-dia-de-las-madres-en-el-nivel-de-pre-kinder","status":"publish","type":"post","link":"https:\/\/juanxxiii.e12.ve\/home\/archivos\/5547","title":{"rendered":"Divertida celebraci\u00f3n del d\u00eda de las madres en el nivel de Pre Kinder"},"content":{"rendered":"<p>Las madres disfrutaron de una linda canci\u00f3n por parte de los ni\u00f1os, luego un emotivo video, posteriormente se ejercitaron con una amena bailoterapia al ritmo de varios temas contagiantes, para finalizar, en los salones compartieron las entrega de los recuerditos. Gracias a todas por la participaci\u00f3n y entusiasmo!<\/p>\n\n\t\t<style type=\"text\/css\">\n\t\t\t#gallery-1 {\n\t\t\t\tmargin: auto;\n\t\t\t}\n\t\t\t#gallery-1 .gallery-item {\n\t\t\t\tfloat: left;\n\t\t\t\tmargin-top: 10px;\n\t\t\t\ttext-align: center;\n\t\t\t\twidth: 25%;\n\t\t\t}\n\t\t\t#gallery-1 img {\n\t\t\t\tborder: 2px solid #cfcfcf;\n\t\t\t}\n\t\t\t#gallery-1 .gallery-caption {\n\t\t\t\tmargin-left: 0;\n\t\t\t}\n\t\t\t\/* see gallery_shortcode() in wp-includes\/media.php *\/\n\t\t<\/style>\n\t\t<div id='gallery-1' class='gallery galleryid-5547 gallery-columns-4 gallery-size-thumbnail'><dl class='gallery-item'>\n\t\t\t<dt class='gallery-icon '>\n\t\t\t\t<a href='https:\/\/juanxxiii.e12.ve\/home\/wp-content\/uploads\/2011\/05\/dia-de-las-madres-pre-kinder-1.jpg'>dia de las madres pre kinder (1)<\/a>\n\t\t\t<\/dt><\/dl><dl class='gallery-item'>\n\t\t\t<dt class='gallery-icon '>\n\t\t\t\t<a href='https:\/\/juanxxiii.e12.ve\/home\/wp-content\/uploads\/2011\/05\/dia-de-las-madres-pre-kinder-2.jpg'>dia de las madres pre kinder (2)<\/a>\n\t\t\t<\/dt><\/dl><dl class='gallery-item'>\n\t\t\t<dt class='gallery-icon '>\n\t\t\t\t<a href='https:\/\/juanxxiii.e12.ve\/home\/wp-content\/uploads\/2011\/05\/dia-de-las-madres-pre-kinder-3.jpg'>dia de las madres pre kinder (3)<\/a>\n\t\t\t<\/dt><\/dl><dl class='gallery-item'>\n\t\t\t<dt class='gallery-icon '>\n\t\t\t\t<a href='https:\/\/juanxxiii.e12.ve\/home\/wp-content\/uploads\/2011\/05\/dia-de-las-madres-pre-kinder-4.jpg'>dia de las madres pre kinder (4)<\/a>\n\t\t\t<\/dt><\/dl><br style=\"clear: both\" \/><dl class='gallery-item'>\n\t\t\t<dt class='gallery-icon '>\n\t\t\t\t<a href='https:\/\/juanxxiii.e12.ve\/home\/wp-content\/uploads\/2011\/05\/dia-de-las-madres-pre-kinder-5.jpg'>dia de las madres pre kinder (5)<\/a>\n\t\t\t<\/dt><\/dl><dl class='gallery-item'>\n\t\t\t<dt class='gallery-icon '>\n\t\t\t\t<a href='https:\/\/juanxxiii.e12.ve\/home\/wp-content\/uploads\/2011\/05\/dia-de-las-madres-pre-kinder-6.jpg'>dia de las madres pre kinder (6)<\/a>\n\t\t\t<\/dt><\/dl><dl class='gallery-item'>\n\t\t\t<dt class='gallery-icon '>\n\t\t\t\t<a href='https:\/\/juanxxiii.e12.ve\/home\/wp-content\/uploads\/2011\/05\/dia-de-las-madres-pre-kinder-7.jpg'>dia de las madres pre kinder (7)<\/a>\n\t\t\t<\/dt><\/dl><dl class='gallery-item'>\n\t\t\t<dt class='gallery-icon '>\n\t\t\t\t<a href='https:\/\/juanxxiii.e12.ve\/home\/wp-content\/uploads\/2011\/05\/dia-de-las-madres-pre-kinder-8.jpg'>dia de las madres pre kinder (8)<\/a>\n\t\t\t<\/dt><\/dl><br style=\"clear: both\" \/><dl class='gallery-item'>\n\t\t\t<dt class='gallery-icon '>\n\t\t\t\t<a href='https:\/\/juanxxiii.e12.ve\/home\/wp-content\/uploads\/2011\/05\/dia-de-las-madres-pre-kinder-9.jpg'>dia de las madres pre kinder (9)<\/a>\n\t\t\t<\/dt><\/dl><dl class='gallery-item'>\n\t\t\t<dt class='gallery-icon '>\n\t\t\t\t<a href='https:\/\/juanxxiii.e12.ve\/home\/wp-content\/uploads\/2011\/05\/dia-de-las-madres-pre-kinder-10.jpg'>dia de las madres pre kinder (10)<\/a>\n\t\t\t<\/dt><\/dl><dl class='gallery-item'>\n\t\t\t<dt class='gallery-icon '>\n\t\t\t\t<a href='https:\/\/juanxxiii.e12.ve\/home\/wp-content\/uploads\/2011\/05\/dia-de-las-madres-pre-kinder-11.jpg'>dia de las madres pre kinder (11)<\/a>\n\t\t\t<\/dt><\/dl><dl class='gallery-item'>\n\t\t\t<dt class='gallery-icon '>\n\t\t\t\t<a href='https:\/\/juanxxiii.e12.ve\/home\/wp-content\/uploads\/2011\/05\/dia-de-las-madres-pre-kinder-12.jpg'>dia de las madres pre kinder (12)<\/a>\n\t\t\t<\/dt><\/dl><br style=\"clear: both\" \/><dl class='gallery-item'>\n\t\t\t<dt class='gallery-icon '>\n\t\t\t\t<a href='https:\/\/juanxxiii.e12.ve\/home\/wp-content\/uploads\/2011\/05\/dia-de-las-madres-pre-kinder-13.jpg'>dia de las madres pre kinder (13)<\/a>\n\t\t\t<\/dt><\/dl><dl class='gallery-item'>\n\t\t\t<dt class='gallery-icon '>\n\t\t\t\t<a href='https:\/\/juanxxiii.e12.ve\/home\/wp-content\/uploads\/2011\/05\/dia-de-las-madres-pre-kinder-14.jpg'>dia de las madres pre kinder (14)<\/a>\n\t\t\t<\/dt><\/dl><dl class='gallery-item'>\n\t\t\t<dt class='gallery-icon '>\n\t\t\t\t<a href='https:\/\/juanxxiii.e12.ve\/home\/wp-content\/uploads\/2011\/05\/dia-de-las-madres-pre-kinder-15.jpg'>dia de las madres pre kinder (15)<\/a>\n\t\t\t<\/dt><\/dl><dl class='gallery-item'>\n\t\t\t<dt class='gallery-icon '>\n\t\t\t\t<a href='https:\/\/juanxxiii.e12.ve\/home\/wp-content\/uploads\/2011\/05\/dia-de-las-madres-pre-kinder-161.jpg'>dia de las madres pre kinder (16)<\/a>\n\t\t\t<\/dt><\/dl><br style=\"clear: both\" \/><dl class='gallery-item'>\n\t\t\t<dt class='gallery-icon '>\n\t\t\t\t<a href='https:\/\/juanxxiii.e12.ve\/home\/wp-content\/uploads\/2011\/05\/dia-de-las-madres-pre-kinder-17.jpg'>dia de las madres pre kinder (17)<\/a>\n\t\t\t<\/dt><\/dl><dl class='gallery-item'>\n\t\t\t<dt class='gallery-icon '>\n\t\t\t\t<a href='https:\/\/juanxxiii.e12.ve\/home\/wp-content\/uploads\/2011\/05\/dia-de-las-madres-pre-kinder-18.jpg'>dia de las madres pre kinder (18)<\/a>\n\t\t\t<\/dt><\/dl><dl class='gallery-item'>\n\t\t\t<dt class='gallery-icon '>\n\t\t\t\t<a href='https:\/\/juanxxiii.e12.ve\/home\/wp-content\/uploads\/2011\/05\/dia-de-las-madres-pre-kinder-19.jpg'>dia de las madres pre kinder (19)<\/a>\n\t\t\t<\/dt><\/dl><dl class='gallery-item'>\n\t\t\t<dt class='gallery-icon '>\n\t\t\t\t<a href='https:\/\/juanxxiii.e12.ve\/home\/wp-content\/uploads\/2011\/05\/dia-de-las-madres-pre-kinder-20.jpg'>dia de las madres pre kinder (20)<\/a>\n\t\t\t<\/dt><\/dl><br style=\"clear: both\" \/><dl class='gallery-item'>\n\t\t\t<dt class='gallery-icon '>\n\t\t\t\t<a href='https:\/\/juanxxiii.e12.ve\/home\/wp-content\/uploads\/2011\/05\/dia-de-las-madres-pre-kinder-21.jpg'>dia de las madres pre kinder (21)<\/a>\n\t\t\t<\/dt><\/dl><dl class='gallery-item'>\n\t\t\t<dt class='gallery-icon '>\n\t\t\t\t<a href='https:\/\/juanxxiii.e12.ve\/home\/wp-content\/uploads\/2011\/05\/dia-de-las-madres-pre-kinder-22.jpg'>dia de las madres pre kinder (22)<\/a>\n\t\t\t<\/dt><\/dl><dl class='gallery-item'>\n\t\t\t<dt class='gallery-icon '>\n\t\t\t\t<a href='https:\/\/juanxxiii.e12.ve\/home\/wp-content\/uploads\/2011\/05\/dia-de-las-madres-pre-kinder-23.jpg'>dia de las madres pre kinder (23)<\/a>\n\t\t\t<\/dt><\/dl><dl class='gallery-item'>\n\t\t\t<dt class='gallery-icon '>\n\t\t\t\t<a href='https:\/\/juanxxiii.e12.ve\/home\/wp-content\/uploads\/2011\/05\/dia-de-las-madres-pre-kinder-24.jpg'>dia de las madres pre kinder (24)<\/a>\n\t\t\t<\/dt><\/dl><br style=\"clear: both\" \/><dl class='gallery-item'>\n\t\t\t<dt class='gallery-icon '>\n\t\t\t\t<a href='https:\/\/juanxxiii.e12.ve\/home\/wp-content\/uploads\/2011\/05\/dia-de-las-madres-pre-kinder-25.jpg'>dia de las madres pre kinder (25)<\/a>\n\t\t\t<\/dt><\/dl><dl class='gallery-item'>\n\t\t\t<dt class='gallery-icon '>\n\t\t\t\t<a href='https:\/\/juanxxiii.e12.ve\/home\/wp-content\/uploads\/2011\/05\/dia-de-las-madres-pre-kinder-26.jpg'>dia de las madres pre kinder (26)<\/a>\n\t\t\t<\/dt><\/dl><dl class='gallery-item'>\n\t\t\t<dt class='gallery-icon '>\n\t\t\t\t<a href='https:\/\/juanxxiii.e12.ve\/home\/wp-content\/uploads\/2011\/05\/dia-de-las-madres-pre-kinder-27.jpg'>dia de las madres pre kinder (27)<\/a>\n\t\t\t<\/dt><\/dl><dl class='gallery-item'>\n\t\t\t<dt class='gallery-icon '>\n\t\t\t\t<a href='https:\/\/juanxxiii.e12.ve\/home\/wp-content\/uploads\/2011\/05\/dia-de-las-madres-pre-kinder-28.jpg'>dia de las madres pre kinder (28)<\/a>\n\t\t\t<\/dt><\/dl><br style=\"clear: both\" \/><dl class='gallery-item'>\n\t\t\t<dt class='gallery-icon '>\n\t\t\t\t<a href='https:\/\/juanxxiii.e12.ve\/home\/wp-content\/uploads\/2011\/05\/dia-de-las-madres-pre-kinder-29.jpg'>dia de las madres pre kinder (29)<\/a>\n\t\t\t<\/dt><\/dl><dl class='gallery-item'>\n\t\t\t<dt class='gallery-icon '>\n\t\t\t\t<a href='https:\/\/juanxxiii.e12.ve\/home\/wp-content\/uploads\/2011\/05\/dia-de-las-madres-pre-kinder-30.jpg'>dia de las madres pre kinder (30)<\/a>\n\t\t\t<\/dt><\/dl><dl class='gallery-item'>\n\t\t\t<dt class='gallery-icon '>\n\t\t\t\t<a href='https:\/\/juanxxiii.e12.ve\/home\/wp-content\/uploads\/2011\/05\/dia-de-las-madres-pre-kinder-31.jpg'>dia de las madres pre kinder (31)<\/a>\n\t\t\t<\/dt><\/dl><dl class='gallery-item'>\n\t\t\t<dt class='gallery-icon '>\n\t\t\t\t<a href='https:\/\/juanxxiii.e12.ve\/home\/wp-content\/uploads\/2011\/05\/dia-de-las-madres-pre-kinder-32.jpg'>dia de las madres pre kinder (32)<\/a>\n\t\t\t<\/dt><\/dl><br style=\"clear: both\" \/>\n\t\t<\/div>\n\n","protected":false},"excerpt":{"rendered":"<p>Las madres disfrutaron de una linda canci\u00f3n por parte de los ni\u00f1os, luego un emotivo video,&#8230;<\/p>\n","protected":false},"author":9,"featured_media":29232,"comment_status":"closed","ping_status":"open","sticky":false,"template":"","format":"standard","meta":[],"categories":[],"tags":[],"_links":{"self":[{"href":"https:\/\/juanxxiii.e12.ve\/home\/wp-json\/wp\/v2\/posts\/5547"}],"collection":[{"href":"https:\/\/juanxxiii.e12.ve\/home\/wp-json\/wp\/v2\/posts"}],"about":[{"href":"https:\/\/juanxxiii.e12.ve\/home\/wp-json\/wp\/v2\/types\/post"}],"author":[{"embeddable":true,"href":"https:\/\/juanxxiii.e12.ve\/home\/wp-json\/wp\/v2\/users\/9"}],"replies":[{"embeddable":true,"href":"https:\/\/juanxxiii.e12.ve\/home\/wp-json\/wp\/v2\/comments?post=5547"}],"version-history":[{"count":1,"href":"https:\/\/juanxxiii.e12.ve\/home\/wp-json\/wp\/v2\/posts\/5547\/revisions"}],"predecessor-version":[{"id":5584,"href":"https:\/\/juanxxiii.e12.ve\/home\/wp-json\/wp\/v2\/posts\/5547\/revisions\/5584"}],"wp:featuredmedia":[{"embeddable":true,"href":"https:\/\/juanxxiii.e12.ve\/home\/wp-json\/wp\/v2\/media\/29232"}],"wp:attachment":[{"href":"https:\/\/juanxxiii.e12.ve\/home\/wp-json\/wp\/v2\/media?parent=5547"}],"wp:term":[{"taxonomy":"category","embeddable":true,"href":"https:\/\/juanxxiii.e12.ve\/home\/wp-json\/wp\/v2\/categories?post=5547"},{"taxonomy":"post_tag","embeddable":true,"href":"https:\/\/juanxxiii.e12.ve\/home\/wp-json\/wp\/v2\/tags?post=5547"}],"curies":[{"name":"wp","href":"https:\/\/api.w.org\/{rel}","templated":true}]}}