{"id":5528,"date":"2011-05-09T20:10:57","date_gmt":"2011-05-09T20:10:57","guid":{"rendered":"http:\/\/www.juanxxiii.e12.ve\/home\/?p=5528"},"modified":"2011-05-09T20:10:57","modified_gmt":"2011-05-09T20:10:57","slug":"festival-folklorico-infantil-de-canto","status":"publish","type":"post","link":"https:\/\/juanxxiii.e12.ve\/home\/archivos\/5528","title":{"rendered":"Festival Folkl\u00f3rico Infantil de Canto"},"content":{"rendered":"<p>Enalteciendo nuestra cultura y demostrando con mucho orgullo las cualidades vocales de nuestros alumnos, se realiz\u00f3 en la sede del Juanito el Festival Folkl\u00f3rico Infantil de Canto.<\/p>\n<p>En tan maravilloso evento participaron:<\/p>\n<ul>\n<li>Victoria Delgado (1er. Grado A) &#8211; Canci\u00f3n: \u201cMoliendo Caf\u00e9\u201d<\/li>\n<li>Jes\u00fas Mu\u00f1oz (2do. Grado B) &#8211; Canci\u00f3n: \u201cCaballo Viejo\u201d<\/li>\n<li>Mar\u00eda Valentina Silva (3er. Grado D) &#8211; Canci\u00f3n \u201cEl Becerrito\u201d<\/li>\n<li>Elieth Cabrera (4to. Grado B) &#8211; Canci\u00f3n \u201cVenezuela\u201d-<\/li>\n<li>Carlos Martinez (4to. Grado B) &#8211; Canci\u00f3n \u201cMi Querencia\u201d<\/li>\n<li>Mar\u00eda Valentina Corral (5to. Grado D) &#8211;   Canci\u00f3n \u201cUna Casita Bella Para Ti\u201d<\/li>\n<li>Miguel Tejada (5to. Grado E) &#8211; Canci\u00f3n: \u201cMercedes\u201d<\/li>\n<\/ul>\n<p>Brillante el acompa\u00f1amiento musical en el cuatro de la profesora Ymelda Tovar.<\/p>\n\n\t\t<style type=\"text\/css\">\n\t\t\t#gallery-1 {\n\t\t\t\tmargin: auto;\n\t\t\t}\n\t\t\t#gallery-1 .gallery-item {\n\t\t\t\tfloat: left;\n\t\t\t\tmargin-top: 10px;\n\t\t\t\ttext-align: center;\n\t\t\t\twidth: 25%;\n\t\t\t}\n\t\t\t#gallery-1 img {\n\t\t\t\tborder: 2px solid #cfcfcf;\n\t\t\t}\n\t\t\t#gallery-1 .gallery-caption {\n\t\t\t\tmargin-left: 0;\n\t\t\t}\n\t\t\t\/* see gallery_shortcode() in wp-includes\/media.php *\/\n\t\t<\/style>\n\t\t<div id='gallery-1' class='gallery galleryid-5528 gallery-columns-4 gallery-size-thumbnail'><dl class='gallery-item'>\n\t\t\t<dt class='gallery-icon '>\n\t\t\t\t<a href='https:\/\/juanxxiii.e12.ve\/home\/wp-content\/uploads\/2011\/05\/festival-interno-de-canto-1.jpg'>festival interno de canto (1)<\/a>\n\t\t\t<\/dt><\/dl><dl class='gallery-item'>\n\t\t\t<dt class='gallery-icon '>\n\t\t\t\t<a href='https:\/\/juanxxiii.e12.ve\/home\/wp-content\/uploads\/2011\/05\/festival-interno-de-canto-2.jpg'>festival interno de canto (2)<\/a>\n\t\t\t<\/dt><\/dl><dl class='gallery-item'>\n\t\t\t<dt class='gallery-icon '>\n\t\t\t\t<a href='https:\/\/juanxxiii.e12.ve\/home\/wp-content\/uploads\/2011\/05\/festival-interno-de-canto-3.jpg'>festival interno de canto (3)<\/a>\n\t\t\t<\/dt><\/dl><dl class='gallery-item'>\n\t\t\t<dt class='gallery-icon '>\n\t\t\t\t<a href='https:\/\/juanxxiii.e12.ve\/home\/wp-content\/uploads\/2011\/05\/festival-interno-de-canto-4.jpg'>festival interno de canto (4)<\/a>\n\t\t\t<\/dt><\/dl><br style=\"clear: both\" \/><dl class='gallery-item'>\n\t\t\t<dt class='gallery-icon '>\n\t\t\t\t<a href='https:\/\/juanxxiii.e12.ve\/home\/wp-content\/uploads\/2011\/05\/festival-interno-de-canto-5.jpg'>festival interno de canto (5)<\/a>\n\t\t\t<\/dt><\/dl><dl class='gallery-item'>\n\t\t\t<dt class='gallery-icon '>\n\t\t\t\t<a href='https:\/\/juanxxiii.e12.ve\/home\/wp-content\/uploads\/2011\/05\/festival-interno-de-canto-6.jpg'>festival interno de canto (6)<\/a>\n\t\t\t<\/dt><\/dl><dl class='gallery-item'>\n\t\t\t<dt class='gallery-icon '>\n\t\t\t\t<a href='https:\/\/juanxxiii.e12.ve\/home\/wp-content\/uploads\/2011\/05\/festival-interno-de-canto-7.jpg'>festival interno de canto (7)<\/a>\n\t\t\t<\/dt><\/dl><dl class='gallery-item'>\n\t\t\t<dt class='gallery-icon '>\n\t\t\t\t<a href='https:\/\/juanxxiii.e12.ve\/home\/wp-content\/uploads\/2011\/05\/festival-interno-de-canto-8.jpg'>festival interno de canto (8)<\/a>\n\t\t\t<\/dt><\/dl><br style=\"clear: both\" \/><dl class='gallery-item'>\n\t\t\t<dt class='gallery-icon '>\n\t\t\t\t<a href='https:\/\/juanxxiii.e12.ve\/home\/wp-content\/uploads\/2011\/05\/festival-interno-de-canto-9.jpg'>festival interno de canto (9)<\/a>\n\t\t\t<\/dt><\/dl><dl class='gallery-item'>\n\t\t\t<dt class='gallery-icon '>\n\t\t\t\t<a href='https:\/\/juanxxiii.e12.ve\/home\/wp-content\/uploads\/2011\/05\/festival-interno-de-canto-10.jpg'>festival interno de canto (10)<\/a>\n\t\t\t<\/dt><\/dl><dl class='gallery-item'>\n\t\t\t<dt class='gallery-icon '>\n\t\t\t\t<a href='https:\/\/juanxxiii.e12.ve\/home\/wp-content\/uploads\/2011\/05\/festival-interno-de-canto-11.jpg'>festival interno de canto (11)<\/a>\n\t\t\t<\/dt><\/dl><dl class='gallery-item'>\n\t\t\t<dt class='gallery-icon '>\n\t\t\t\t<a href='https:\/\/juanxxiii.e12.ve\/home\/wp-content\/uploads\/2011\/05\/festival-interno-de-canto-12.jpg'>festival interno de canto (12)<\/a>\n\t\t\t<\/dt><\/dl><br style=\"clear: both\" \/><dl class='gallery-item'>\n\t\t\t<dt class='gallery-icon '>\n\t\t\t\t<a href='https:\/\/juanxxiii.e12.ve\/home\/wp-content\/uploads\/2011\/05\/festival-interno-de-canto-13.jpg'>festival interno de canto (13)<\/a>\n\t\t\t<\/dt><\/dl><dl class='gallery-item'>\n\t\t\t<dt class='gallery-icon '>\n\t\t\t\t<a href='https:\/\/juanxxiii.e12.ve\/home\/wp-content\/uploads\/2011\/05\/festival-interno-de-canto-14.jpg'>festival interno de canto (14)<\/a>\n\t\t\t<\/dt><\/dl><dl class='gallery-item'>\n\t\t\t<dt class='gallery-icon '>\n\t\t\t\t<a href='https:\/\/juanxxiii.e12.ve\/home\/wp-content\/uploads\/2011\/05\/festival-interno-de-canto-15.jpg'>festival interno de canto (15)<\/a>\n\t\t\t<\/dt><\/dl><dl class='gallery-item'>\n\t\t\t<dt class='gallery-icon '>\n\t\t\t\t<a href='https:\/\/juanxxiii.e12.ve\/home\/wp-content\/uploads\/2011\/05\/festival-interno-de-canto-16.jpg'>festival interno de canto (16)<\/a>\n\t\t\t<\/dt><\/dl><br style=\"clear: both\" \/><dl class='gallery-item'>\n\t\t\t<dt class='gallery-icon '>\n\t\t\t\t<a href='https:\/\/juanxxiii.e12.ve\/home\/wp-content\/uploads\/2011\/05\/festival-interno-de-canto-17.jpg'>festival interno de canto (17)<\/a>\n\t\t\t<\/dt><\/dl><dl class='gallery-item'>\n\t\t\t<dt class='gallery-icon '>\n\t\t\t\t<a href='https:\/\/juanxxiii.e12.ve\/home\/wp-content\/uploads\/2011\/05\/festival-interno-de-canto-18.jpg'>festival interno de canto (18)<\/a>\n\t\t\t<\/dt><\/dl>\n\t\t\t<br style='clear: both' \/>\n\t\t<\/div>\n\n","protected":false},"excerpt":{"rendered":"<p>Enalteciendo nuestra cultura y demostrando con mucho orgullo las cualidades vocales de nuestros alumnos, se realiz\u00f3&#8230;<\/p>\n","protected":false},"author":9,"featured_media":29232,"comment_status":"closed","ping_status":"open","sticky":false,"template":"","format":"standard","meta":[],"categories":[],"tags":[],"_links":{"self":[{"href":"https:\/\/juanxxiii.e12.ve\/home\/wp-json\/wp\/v2\/posts\/5528"}],"collection":[{"href":"https:\/\/juanxxiii.e12.ve\/home\/wp-json\/wp\/v2\/posts"}],"about":[{"href":"https:\/\/juanxxiii.e12.ve\/home\/wp-json\/wp\/v2\/types\/post"}],"author":[{"embeddable":true,"href":"https:\/\/juanxxiii.e12.ve\/home\/wp-json\/wp\/v2\/users\/9"}],"replies":[{"embeddable":true,"href":"https:\/\/juanxxiii.e12.ve\/home\/wp-json\/wp\/v2\/comments?post=5528"}],"version-history":[{"count":2,"href":"https:\/\/juanxxiii.e12.ve\/home\/wp-json\/wp\/v2\/posts\/5528\/revisions"}],"predecessor-version":[{"id":5549,"href":"https:\/\/juanxxiii.e12.ve\/home\/wp-json\/wp\/v2\/posts\/5528\/revisions\/5549"}],"wp:featuredmedia":[{"embeddable":true,"href":"https:\/\/juanxxiii.e12.ve\/home\/wp-json\/wp\/v2\/media\/29232"}],"wp:attachment":[{"href":"https:\/\/juanxxiii.e12.ve\/home\/wp-json\/wp\/v2\/media?parent=5528"}],"wp:term":[{"taxonomy":"category","embeddable":true,"href":"https:\/\/juanxxiii.e12.ve\/home\/wp-json\/wp\/v2\/categories?post=5528"},{"taxonomy":"post_tag","embeddable":true,"href":"https:\/\/juanxxiii.e12.ve\/home\/wp-json\/wp\/v2\/tags?post=5528"}],"curies":[{"name":"wp","href":"https:\/\/api.w.org\/{rel}","templated":true}]}}