{"id":5499,"date":"2011-05-09T19:27:31","date_gmt":"2011-05-09T19:27:31","guid":{"rendered":"http:\/\/www.juanxxiii.e12.ve\/home\/?p=5499"},"modified":"2011-05-12T18:00:05","modified_gmt":"2011-05-12T18:00:05","slug":"feria-del-libro-2011","status":"publish","type":"post","link":"https:\/\/juanxxiii.e12.ve\/home\/archivos\/5499","title":{"rendered":"Feria del Libro 2011"},"content":{"rendered":"<p>Todo un \u00e9xito result\u00f3 la FERIA DEL LIBRO en la sede del Juanito.<\/p>\n<p>Este a\u00f1o contamos con la valiosa presencia de editoriales como: Alfaguara, Nori, Ekar\u00e9 y Tricolor (de la Cadena Capriles).<\/p>\n<p>Como apertura al evento, los alumnos de la sede participaron en el concurso literario planificado por el equipo del CRA cuyos temas hablan de historias fant\u00e1sticas sobre las plantas, poes\u00eda al R\u00edo Cabriales y cuentos conservacionistas.<\/p>\n<p>Durante dos d\u00edas los alumnos disfrutaron de la exhibici\u00f3n de libros que ofrecieron las editoriales; en los espacios de la terraza se cont\u00f3 con colchonetas, muchos libros interesantes y un bello paisaje para disfrutar de una buena lectura y conjuntamente en biblioteca fue proyectada al grupo de tercer grado la pel\u00edcula: \u00abEn busca de Bobby Fischer\u00bb.<\/p>\n<p>Gracias a todos los que hicieron posible tan maravilloso evento.<br \/>\n\n\t\t<style type=\"text\/css\">\n\t\t\t#gallery-1 {\n\t\t\t\tmargin: auto;\n\t\t\t}\n\t\t\t#gallery-1 .gallery-item {\n\t\t\t\tfloat: left;\n\t\t\t\tmargin-top: 10px;\n\t\t\t\ttext-align: center;\n\t\t\t\twidth: 25%;\n\t\t\t}\n\t\t\t#gallery-1 img {\n\t\t\t\tborder: 2px solid #cfcfcf;\n\t\t\t}\n\t\t\t#gallery-1 .gallery-caption {\n\t\t\t\tmargin-left: 0;\n\t\t\t}\n\t\t\t\/* see gallery_shortcode() in wp-includes\/media.php *\/\n\t\t<\/style>\n\t\t<div id='gallery-1' class='gallery galleryid-5499 gallery-columns-4 gallery-size-thumbnail'><dl class='gallery-item'>\n\t\t\t<dt class='gallery-icon '>\n\t\t\t\t<a href='https:\/\/juanxxiii.e12.ve\/home\/wp-content\/uploads\/2011\/05\/Feria-del-libro-juanito-1.jpg'>Feria del libro juanito (1)<\/a>\n\t\t\t<\/dt><\/dl><dl class='gallery-item'>\n\t\t\t<dt class='gallery-icon '>\n\t\t\t\t<a href='https:\/\/juanxxiii.e12.ve\/home\/wp-content\/uploads\/2011\/05\/Feria-del-libro-juanito-2.jpg'>Feria del libro juanito (2)<\/a>\n\t\t\t<\/dt><\/dl><dl class='gallery-item'>\n\t\t\t<dt class='gallery-icon '>\n\t\t\t\t<a href='https:\/\/juanxxiii.e12.ve\/home\/wp-content\/uploads\/2011\/05\/Feria-del-libro-juanito-3.jpg'>Feria del libro juanito (3)<\/a>\n\t\t\t<\/dt><\/dl><dl class='gallery-item'>\n\t\t\t<dt class='gallery-icon '>\n\t\t\t\t<a href='https:\/\/juanxxiii.e12.ve\/home\/wp-content\/uploads\/2011\/05\/Feria-del-libro-juanito-4.jpg'>Feria del libro juanito (4)<\/a>\n\t\t\t<\/dt><\/dl><br style=\"clear: both\" \/><dl class='gallery-item'>\n\t\t\t<dt class='gallery-icon '>\n\t\t\t\t<a href='https:\/\/juanxxiii.e12.ve\/home\/wp-content\/uploads\/2011\/05\/Feria-del-libro-juanito-5.jpg'>Feria del libro juanito (5)<\/a>\n\t\t\t<\/dt><\/dl><dl class='gallery-item'>\n\t\t\t<dt class='gallery-icon '>\n\t\t\t\t<a href='https:\/\/juanxxiii.e12.ve\/home\/wp-content\/uploads\/2011\/05\/Feria-del-libro-juanito-6.jpg'>Feria del libro juanito (6)<\/a>\n\t\t\t<\/dt><\/dl><dl class='gallery-item'>\n\t\t\t<dt class='gallery-icon '>\n\t\t\t\t<a href='https:\/\/juanxxiii.e12.ve\/home\/wp-content\/uploads\/2011\/05\/Feria-del-libro-juanito-7.jpg'>Feria del libro juanito (7)<\/a>\n\t\t\t<\/dt><\/dl><dl class='gallery-item'>\n\t\t\t<dt class='gallery-icon '>\n\t\t\t\t<a href='https:\/\/juanxxiii.e12.ve\/home\/wp-content\/uploads\/2011\/05\/Feria-del-libro-juanito-8.jpg'>Feria del libro juanito (8)<\/a>\n\t\t\t<\/dt><\/dl><br style=\"clear: both\" \/><dl class='gallery-item'>\n\t\t\t<dt class='gallery-icon '>\n\t\t\t\t<a href='https:\/\/juanxxiii.e12.ve\/home\/wp-content\/uploads\/2011\/05\/Feria-del-libro-juanito-9.jpg'>Feria del libro juanito (9)<\/a>\n\t\t\t<\/dt><\/dl><dl class='gallery-item'>\n\t\t\t<dt class='gallery-icon '>\n\t\t\t\t<a href='https:\/\/juanxxiii.e12.ve\/home\/wp-content\/uploads\/2011\/05\/Feria-del-libro-juanito-10.jpg'>Feria del libro juanito (10)<\/a>\n\t\t\t<\/dt><\/dl><dl class='gallery-item'>\n\t\t\t<dt class='gallery-icon '>\n\t\t\t\t<a href='https:\/\/juanxxiii.e12.ve\/home\/wp-content\/uploads\/2011\/05\/Feria-del-libro-juanito-11.jpg'>Feria del libro juanito (11)<\/a>\n\t\t\t<\/dt><\/dl><dl class='gallery-item'>\n\t\t\t<dt class='gallery-icon '>\n\t\t\t\t<a href='https:\/\/juanxxiii.e12.ve\/home\/wp-content\/uploads\/2011\/05\/Feria-del-libro-juanito-12.jpg'>Feria del libro juanito (12)<\/a>\n\t\t\t<\/dt><\/dl><br style=\"clear: both\" \/><dl class='gallery-item'>\n\t\t\t<dt class='gallery-icon '>\n\t\t\t\t<a href='https:\/\/juanxxiii.e12.ve\/home\/wp-content\/uploads\/2011\/05\/Feria-del-libro-juanito-13.jpg'>Feria del libro juanito (13)<\/a>\n\t\t\t<\/dt><\/dl><dl class='gallery-item'>\n\t\t\t<dt class='gallery-icon '>\n\t\t\t\t<a href='https:\/\/juanxxiii.e12.ve\/home\/wp-content\/uploads\/2011\/05\/Feria-del-libro-juanito-14.jpg'>Feria del libro juanito (14)<\/a>\n\t\t\t<\/dt><\/dl><dl class='gallery-item'>\n\t\t\t<dt class='gallery-icon '>\n\t\t\t\t<a href='https:\/\/juanxxiii.e12.ve\/home\/wp-content\/uploads\/2011\/05\/Feria-del-libro-juanito-15.jpg'>Feria del libro juanito (15)<\/a>\n\t\t\t<\/dt><\/dl><dl class='gallery-item'>\n\t\t\t<dt class='gallery-icon '>\n\t\t\t\t<a href='https:\/\/juanxxiii.e12.ve\/home\/wp-content\/uploads\/2011\/05\/Feria-del-libro-juanito-16.jpg'>Feria del libro juanito (16)<\/a>\n\t\t\t<\/dt><\/dl><br style=\"clear: both\" \/><dl class='gallery-item'>\n\t\t\t<dt class='gallery-icon '>\n\t\t\t\t<a href='https:\/\/juanxxiii.e12.ve\/home\/wp-content\/uploads\/2011\/05\/Feria-del-libro-juanito-17.jpg'>Feria del libro juanito (17)<\/a>\n\t\t\t<\/dt><\/dl><dl class='gallery-item'>\n\t\t\t<dt class='gallery-icon '>\n\t\t\t\t<a href='https:\/\/juanxxiii.e12.ve\/home\/wp-content\/uploads\/2011\/05\/Feria-del-libro-juanito-18.jpg'>Feria del libro juanito (18)<\/a>\n\t\t\t<\/dt><\/dl><dl class='gallery-item'>\n\t\t\t<dt class='gallery-icon '>\n\t\t\t\t<a href='https:\/\/juanxxiii.e12.ve\/home\/wp-content\/uploads\/2011\/05\/Feria-del-libro-juanito-19.jpg'>Feria del libro juanito (19)<\/a>\n\t\t\t<\/dt><\/dl><dl class='gallery-item'>\n\t\t\t<dt class='gallery-icon '>\n\t\t\t\t<a href='https:\/\/juanxxiii.e12.ve\/home\/wp-content\/uploads\/2011\/05\/Feria-del-libro-juanito-20.jpg'>Feria del libro juanito (20)<\/a>\n\t\t\t<\/dt><\/dl><br style=\"clear: both\" \/><dl class='gallery-item'>\n\t\t\t<dt class='gallery-icon '>\n\t\t\t\t<a href='https:\/\/juanxxiii.e12.ve\/home\/wp-content\/uploads\/2011\/05\/Feria-del-libro-juanito-21.jpg'>Feria del libro juanito (21)<\/a>\n\t\t\t<\/dt><\/dl><dl class='gallery-item'>\n\t\t\t<dt class='gallery-icon '>\n\t\t\t\t<a href='https:\/\/juanxxiii.e12.ve\/home\/wp-content\/uploads\/2011\/05\/Feria-del-libro-juanito-22.jpg'>Feria del libro juanito (22)<\/a>\n\t\t\t<\/dt><\/dl><dl class='gallery-item'>\n\t\t\t<dt class='gallery-icon '>\n\t\t\t\t<a href='https:\/\/juanxxiii.e12.ve\/home\/wp-content\/uploads\/2011\/05\/Feria-del-libro-juanito-23.jpg'>Feria del libro juanito (23)<\/a>\n\t\t\t<\/dt><\/dl><dl class='gallery-item'>\n\t\t\t<dt class='gallery-icon '>\n\t\t\t\t<a href='https:\/\/juanxxiii.e12.ve\/home\/wp-content\/uploads\/2011\/05\/Feria-del-libro-juanito-24.jpg'>Feria del libro juanito (24)<\/a>\n\t\t\t<\/dt><\/dl><br style=\"clear: both\" \/>\n\t\t<\/div>\n\n","protected":false},"excerpt":{"rendered":"<p>Todo un \u00e9xito result\u00f3 la FERIA DEL LIBRO en la sede del Juanito. Este a\u00f1o contamos&#8230;<\/p>\n","protected":false},"author":9,"featured_media":29232,"comment_status":"closed","ping_status":"open","sticky":false,"template":"","format":"standard","meta":[],"categories":[],"tags":[],"_links":{"self":[{"href":"https:\/\/juanxxiii.e12.ve\/home\/wp-json\/wp\/v2\/posts\/5499"}],"collection":[{"href":"https:\/\/juanxxiii.e12.ve\/home\/wp-json\/wp\/v2\/posts"}],"about":[{"href":"https:\/\/juanxxiii.e12.ve\/home\/wp-json\/wp\/v2\/types\/post"}],"author":[{"embeddable":true,"href":"https:\/\/juanxxiii.e12.ve\/home\/wp-json\/wp\/v2\/users\/9"}],"replies":[{"embeddable":true,"href":"https:\/\/juanxxiii.e12.ve\/home\/wp-json\/wp\/v2\/comments?post=5499"}],"version-history":[{"count":6,"href":"https:\/\/juanxxiii.e12.ve\/home\/wp-json\/wp\/v2\/posts\/5499\/revisions"}],"predecessor-version":[{"id":5714,"href":"https:\/\/juanxxiii.e12.ve\/home\/wp-json\/wp\/v2\/posts\/5499\/revisions\/5714"}],"wp:featuredmedia":[{"embeddable":true,"href":"https:\/\/juanxxiii.e12.ve\/home\/wp-json\/wp\/v2\/media\/29232"}],"wp:attachment":[{"href":"https:\/\/juanxxiii.e12.ve\/home\/wp-json\/wp\/v2\/media?parent=5499"}],"wp:term":[{"taxonomy":"category","embeddable":true,"href":"https:\/\/juanxxiii.e12.ve\/home\/wp-json\/wp\/v2\/categories?post=5499"},{"taxonomy":"post_tag","embeddable":true,"href":"https:\/\/juanxxiii.e12.ve\/home\/wp-json\/wp\/v2\/tags?post=5499"}],"curies":[{"name":"wp","href":"https:\/\/api.w.org\/{rel}","templated":true}]}}