{"id":5456,"date":"2011-05-06T19:45:32","date_gmt":"2011-05-06T19:45:32","guid":{"rendered":"http:\/\/www.juanxxiii.e12.ve\/home\/?p=5456"},"modified":"2011-05-06T19:45:32","modified_gmt":"2011-05-06T19:45:32","slug":"semana-de-la-danza-2011","status":"publish","type":"post","link":"https:\/\/juanxxiii.e12.ve\/home\/archivos\/5456","title":{"rendered":"Semana de la Danza 2011"},"content":{"rendered":"<p>Un espect\u00e1culo maravilloso y una puesta en escena de mil colores, presentaron nuestros alumnos el d\u00eda s\u00e1bado 30 de abril en las instalaciones del Teatro Alfredo Celis P\u00e9rez en la gala de la Danza. La disciplina, la creatividad y el conocimiento de su montaje, se vi\u00f3 manifiesto en su danza.<\/p>\n<p>Felicitaciones a la Prof. Greslie Kenny de Segovia y a sus alumnos por este regalo tan maravilloso.<\/p>\n<p>&nbsp;<\/p>\n","protected":false},"excerpt":{"rendered":"<p>Un espect\u00e1culo maravilloso y una puesta en escena de mil colores, presentaron nuestros alumnos el d\u00eda&#8230;<\/p>\n","protected":false},"author":9,"featured_media":29232,"comment_status":"closed","ping_status":"open","sticky":false,"template":"","format":"standard","meta":[],"categories":[],"tags":[],"_links":{"self":[{"href":"https:\/\/juanxxiii.e12.ve\/home\/wp-json\/wp\/v2\/posts\/5456"}],"collection":[{"href":"https:\/\/juanxxiii.e12.ve\/home\/wp-json\/wp\/v2\/posts"}],"about":[{"href":"https:\/\/juanxxiii.e12.ve\/home\/wp-json\/wp\/v2\/types\/post"}],"author":[{"embeddable":true,"href":"https:\/\/juanxxiii.e12.ve\/home\/wp-json\/wp\/v2\/users\/9"}],"replies":[{"embeddable":true,"href":"https:\/\/juanxxiii.e12.ve\/home\/wp-json\/wp\/v2\/comments?post=5456"}],"version-history":[{"count":4,"href":"https:\/\/juanxxiii.e12.ve\/home\/wp-json\/wp\/v2\/posts\/5456\/revisions"}],"predecessor-version":[{"id":5462,"href":"https:\/\/juanxxiii.e12.ve\/home\/wp-json\/wp\/v2\/posts\/5456\/revisions\/5462"}],"wp:featuredmedia":[{"embeddable":true,"href":"https:\/\/juanxxiii.e12.ve\/home\/wp-json\/wp\/v2\/media\/29232"}],"wp:attachment":[{"href":"https:\/\/juanxxiii.e12.ve\/home\/wp-json\/wp\/v2\/media?parent=5456"}],"wp:term":[{"taxonomy":"category","embeddable":true,"href":"https:\/\/juanxxiii.e12.ve\/home\/wp-json\/wp\/v2\/categories?post=5456"},{"taxonomy":"post_tag","embeddable":true,"href":"https:\/\/juanxxiii.e12.ve\/home\/wp-json\/wp\/v2\/tags?post=5456"}],"curies":[{"name":"wp","href":"https:\/\/api.w.org\/{rel}","templated":true}]}}