{"id":5424,"date":"2011-05-06T17:43:07","date_gmt":"2011-05-06T17:43:07","guid":{"rendered":"http:\/\/www.juanxxiii.e12.ve\/home\/?p=5424"},"modified":"2011-05-06T17:44:10","modified_gmt":"2011-05-06T17:44:10","slug":"el-monuj23-2012-ya-posee-senior-staff","status":"publish","type":"post","link":"https:\/\/juanxxiii.e12.ve\/home\/archivos\/5424","title":{"rendered":"El MONUJ23 2012 ya posee Senior Staff"},"content":{"rendered":"<p>Un grupo de emprendedores, acad\u00e9micos y preparados alumnos de la promoci\u00f3n 41 de nuestro instituto, que actualmente cursan cuarto a\u00f1o de bachillerato, asumieron el reto y empezaron la carrera para la planificaci\u00f3n, organizaci\u00f3n y ejecuci\u00f3n del octavo Modelo de Naciones Unidas del Instituto Educacional Juan XXIIII, VIII MONUJ23, que tiene miras a realizarse en el segundo lapso acad\u00e9mico del a\u00f1o escolar 2011-2012.<\/p>\n<p>El VIII MONUJ23 ser\u00e1 un evento dirigido a estudiantes de ciclo b\u00e1sico, diversificado y universitario, que brinda a los participantes la oportunidad de verse involucrados en situaciones que recrean los debates de las Naciones Unidas, buscando soluciones factibles a los conflictos pol\u00edticos, sociales y econ\u00f3micos de \u00edndole mundial.<\/p>\n<p>De esta forma, el Senior Staff del MONUJ23 2012 en su octava edici\u00f3n ha sido conformado de la siguiente manera:<\/p>\n<ul>\n<li><strong><a href=\"https:\/\/juanxxiii.e12.ve\/home\/wp-content\/uploads\/2011\/05\/MONUJ23-2012.jpg\" rel=\"prettyPhoto[gallery-oOv1]\"><\/a>Secretaria General<\/strong>: Pierina Lesti, 4to \u201cA\u201d.<\/li>\n<li><strong>Sub Secretario General<\/strong>: Rafael Suarez, 4to \u201cA\u201d.<\/li>\n<li><strong>Secretario Acad\u00e9mico<\/strong>: Ricardo Bracho, 4to \u201cD\u201d.<\/li>\n<li><strong>S<\/strong><strong>ecretario de Negocios<\/strong>: Leonardo D\u00e1vila, 4to \u201cE\u201d.<\/li>\n<li><strong>Secretaria de Log\u00edstica<\/strong>: Rona Rangel, 4to \u201cE\u201d.\u00a0<\/li>\n<\/ul>\n<p>Esperamos que las planificaciones para la organizaci\u00f3n del evento sea todo un \u00e9xito y que este equipo pueda sobrepasar todas sus expectativas para el evento.<\/p>\n","protected":false},"excerpt":{"rendered":"<p>Un grupo de emprendedores, acad\u00e9micos y preparados alumnos de la promoci\u00f3n 41 de nuestro instituto, que&#8230;<\/p>\n","protected":false},"author":9,"featured_media":29232,"comment_status":"closed","ping_status":"open","sticky":false,"template":"","format":"standard","meta":[],"categories":[],"tags":[],"_links":{"self":[{"href":"https:\/\/juanxxiii.e12.ve\/home\/wp-json\/wp\/v2\/posts\/5424"}],"collection":[{"href":"https:\/\/juanxxiii.e12.ve\/home\/wp-json\/wp\/v2\/posts"}],"about":[{"href":"https:\/\/juanxxiii.e12.ve\/home\/wp-json\/wp\/v2\/types\/post"}],"author":[{"embeddable":true,"href":"https:\/\/juanxxiii.e12.ve\/home\/wp-json\/wp\/v2\/users\/9"}],"replies":[{"embeddable":true,"href":"https:\/\/juanxxiii.e12.ve\/home\/wp-json\/wp\/v2\/comments?post=5424"}],"version-history":[{"count":12,"href":"https:\/\/juanxxiii.e12.ve\/home\/wp-json\/wp\/v2\/posts\/5424\/revisions"}],"predecessor-version":[{"id":5438,"href":"https:\/\/juanxxiii.e12.ve\/home\/wp-json\/wp\/v2\/posts\/5424\/revisions\/5438"}],"wp:featuredmedia":[{"embeddable":true,"href":"https:\/\/juanxxiii.e12.ve\/home\/wp-json\/wp\/v2\/media\/29232"}],"wp:attachment":[{"href":"https:\/\/juanxxiii.e12.ve\/home\/wp-json\/wp\/v2\/media?parent=5424"}],"wp:term":[{"taxonomy":"category","embeddable":true,"href":"https:\/\/juanxxiii.e12.ve\/home\/wp-json\/wp\/v2\/categories?post=5424"},{"taxonomy":"post_tag","embeddable":true,"href":"https:\/\/juanxxiii.e12.ve\/home\/wp-json\/wp\/v2\/tags?post=5424"}],"curies":[{"name":"wp","href":"https:\/\/api.w.org\/{rel}","templated":true}]}}