{"id":5367,"date":"2011-05-04T13:07:20","date_gmt":"2011-05-04T13:07:20","guid":{"rendered":"http:\/\/www.juanxxiii.e12.ve\/home\/?p=5367"},"modified":"2011-05-04T13:07:20","modified_gmt":"2011-05-04T13:07:20","slug":"feria-cientifica-de-6to-grado","status":"publish","type":"post","link":"https:\/\/juanxxiii.e12.ve\/home\/archivos\/5367","title":{"rendered":"Feria Cient\u00edfica de 6to Grado"},"content":{"rendered":"<p>Este viernes 06 de mayo desde\u00a0las 9:00 am\u00a0hasta las 11:30 am, se realizar\u00e1 en el Auditorio la \u00abFeria Cient\u00edfica de 6to Grado\u00bb en honor a las \u00abV\u00edctimas de los desastres naturales\u00bb. Nuestros alumnos presentar\u00e1n sus trabajos de investigaci\u00f3n los cu\u00e1les se han llevado a cabo con esfuerzo, dedicaci\u00f3n y entusiasmo.<\/p>\n<p style=\"text-align: center;\"><strong><em>Los esperamos!<\/em><\/strong><\/p>\n<p style=\"text-align: center;\"><a href=\"https:\/\/juanxxiii.e12.ve\/home\/wp-content\/uploads\/2011\/05\/metodo-cientifico2.jpg\" rel=\"prettyPhoto[gallery-gFNd]\"><\/a><a href=\"https:\/\/juanxxiii.e12.ve\/home\/wp-content\/uploads\/2011\/05\/metodocientifico2.jpg\" rel=\"prettyPhoto[gallery-gFNd]\"><img class=\"alignnone size-medium wp-image-5372\" title=\"metodocientifico2\" src=\"https:\/\/juanxxiii.e12.ve\/home\/wp-content\/uploads\/2011\/05\/metodocientifico2-300x225.jpg\" alt=\"\" width=\"300\" height=\"225\" \/><\/a><a href=\"https:\/\/juanxxiii.e12.ve\/home\/wp-content\/uploads\/2011\/05\/metodo-cientifico2.jpg\" rel=\"prettyPhoto[gallery-gFNd]\"><\/a><\/p>\n","protected":false},"excerpt":{"rendered":"<p>Este viernes 06 de mayo desde\u00a0las 9:00 am\u00a0hasta las 11:30 am, se realizar\u00e1 en el Auditorio&#8230;<\/p>\n","protected":false},"author":9,"featured_media":29232,"comment_status":"closed","ping_status":"open","sticky":false,"template":"","format":"standard","meta":[],"categories":[],"tags":[],"_links":{"self":[{"href":"https:\/\/juanxxiii.e12.ve\/home\/wp-json\/wp\/v2\/posts\/5367"}],"collection":[{"href":"https:\/\/juanxxiii.e12.ve\/home\/wp-json\/wp\/v2\/posts"}],"about":[{"href":"https:\/\/juanxxiii.e12.ve\/home\/wp-json\/wp\/v2\/types\/post"}],"author":[{"embeddable":true,"href":"https:\/\/juanxxiii.e12.ve\/home\/wp-json\/wp\/v2\/users\/9"}],"replies":[{"embeddable":true,"href":"https:\/\/juanxxiii.e12.ve\/home\/wp-json\/wp\/v2\/comments?post=5367"}],"version-history":[{"count":5,"href":"https:\/\/juanxxiii.e12.ve\/home\/wp-json\/wp\/v2\/posts\/5367\/revisions"}],"predecessor-version":[{"id":5375,"href":"https:\/\/juanxxiii.e12.ve\/home\/wp-json\/wp\/v2\/posts\/5367\/revisions\/5375"}],"wp:featuredmedia":[{"embeddable":true,"href":"https:\/\/juanxxiii.e12.ve\/home\/wp-json\/wp\/v2\/media\/29232"}],"wp:attachment":[{"href":"https:\/\/juanxxiii.e12.ve\/home\/wp-json\/wp\/v2\/media?parent=5367"}],"wp:term":[{"taxonomy":"category","embeddable":true,"href":"https:\/\/juanxxiii.e12.ve\/home\/wp-json\/wp\/v2\/categories?post=5367"},{"taxonomy":"post_tag","embeddable":true,"href":"https:\/\/juanxxiii.e12.ve\/home\/wp-json\/wp\/v2\/tags?post=5367"}],"curies":[{"name":"wp","href":"https:\/\/api.w.org\/{rel}","templated":true}]}}