{"id":5298,"date":"2011-04-28T11:56:22","date_gmt":"2011-04-28T11:56:22","guid":{"rendered":"http:\/\/www.juanxxiii.e12.ve\/home\/?p=5298"},"modified":"2011-04-28T11:56:34","modified_gmt":"2011-04-28T11:56:34","slug":"xii-feria-geografica-internacional-en-homenaje-a-la-profesora-julia-diaz","status":"publish","type":"post","link":"https:\/\/juanxxiii.e12.ve\/home\/archivos\/5298","title":{"rendered":"XII Feria Geogr\u00e1fica Internacional en homenaje a la profesora Julia D\u00edaz"},"content":{"rendered":"<p>Este jueves 28 de abril se celebrar\u00e1 la inauguraci\u00f3n de la XII feria geogr\u00e1fica internacional en homenaje a la profesora Julia D\u00edaz. En este evento los estudiantes de primer a\u00f1o dar\u00e1n una muestra del arduo trabajo que durante m\u00e1s de 6 meses han llevado a cabo, conociendo los pa\u00edses que conforman nuestro mundo y abriendo paso a valores como la tolerancia y la interculturalidad. La coordinaci\u00f3n de ciencias sociales y todos los profesores de 1er a\u00f1o se sienten muy orgullosos del gran esfuerzo que han dado todos sus estudiantes.<\/p>\n","protected":false},"excerpt":{"rendered":"<p>Este jueves 28 de abril se celebrar\u00e1 la inauguraci\u00f3n de la XII feria geogr\u00e1fica internacional en&#8230;<\/p>\n","protected":false},"author":9,"featured_media":29232,"comment_status":"closed","ping_status":"open","sticky":false,"template":"","format":"standard","meta":[],"categories":[],"tags":[],"_links":{"self":[{"href":"https:\/\/juanxxiii.e12.ve\/home\/wp-json\/wp\/v2\/posts\/5298"}],"collection":[{"href":"https:\/\/juanxxiii.e12.ve\/home\/wp-json\/wp\/v2\/posts"}],"about":[{"href":"https:\/\/juanxxiii.e12.ve\/home\/wp-json\/wp\/v2\/types\/post"}],"author":[{"embeddable":true,"href":"https:\/\/juanxxiii.e12.ve\/home\/wp-json\/wp\/v2\/users\/9"}],"replies":[{"embeddable":true,"href":"https:\/\/juanxxiii.e12.ve\/home\/wp-json\/wp\/v2\/comments?post=5298"}],"version-history":[{"count":2,"href":"https:\/\/juanxxiii.e12.ve\/home\/wp-json\/wp\/v2\/posts\/5298\/revisions"}],"predecessor-version":[{"id":5301,"href":"https:\/\/juanxxiii.e12.ve\/home\/wp-json\/wp\/v2\/posts\/5298\/revisions\/5301"}],"wp:featuredmedia":[{"embeddable":true,"href":"https:\/\/juanxxiii.e12.ve\/home\/wp-json\/wp\/v2\/media\/29232"}],"wp:attachment":[{"href":"https:\/\/juanxxiii.e12.ve\/home\/wp-json\/wp\/v2\/media?parent=5298"}],"wp:term":[{"taxonomy":"category","embeddable":true,"href":"https:\/\/juanxxiii.e12.ve\/home\/wp-json\/wp\/v2\/categories?post=5298"},{"taxonomy":"post_tag","embeddable":true,"href":"https:\/\/juanxxiii.e12.ve\/home\/wp-json\/wp\/v2\/tags?post=5298"}],"curies":[{"name":"wp","href":"https:\/\/api.w.org\/{rel}","templated":true}]}}