{"id":5292,"date":"2011-04-26T14:52:22","date_gmt":"2011-04-26T14:52:22","guid":{"rendered":"http:\/\/www.juanxxiii.e12.ve\/home\/?p=5292"},"modified":"2011-04-26T14:53:39","modified_gmt":"2011-04-26T14:53:39","slug":"patrocinantes-iv-jornadas-venezolanas-de-psicopedagogia","status":"publish","type":"post","link":"https:\/\/juanxxiii.e12.ve\/home\/archivos\/5292","title":{"rendered":"Selecci\u00f3n de Patrocinantes: IV Jornadas Venezolanas de Psicopedagog\u00eda"},"content":{"rendered":"<div id=\"_mcePaste\">El Colegio Universitario de Psicopedagog\u00eda es una asociaci\u00f3n civil sin fines de lucro\u00a0que desde hace 40 a\u00f1os forma recursos humanos para la atenci\u00f3n de la poblaci\u00f3n\u00a0con Problemas Emocionales, Discapacidad Intelectual y Dificultades de Aprendizaje.<\/div>\n<div id=\"_mcePaste\">En el XL Aniversario venimos planificando las IV JORNADAS VENEZOLANAS DE\u00a0ACTUALIZACI\u00d3N PSICOPEDAG\u00d3GICA; con el eslogan \u201cCuarenta A\u00f1os Dejando\u00a0Huellas En La Formaci\u00f3n Psicopedag\u00f3gica Integral Nacional E Internacional\u201d se\u00a0celebrar\u00e1n el 11 y 12 de noviembre de 2011.<\/div>\n<div id=\"_mcePaste\">El objetivo es la actualizaci\u00f3n de conocimientos a los profesionales, tanto de la\u00a0Psicopedagog\u00eda como de disciplinas afines, como un valioso aporte a la atenci\u00f3n de\u00a0personas con necesidades especiales.<\/div>\n<div id=\"_mcePaste\">Proyectando experiencias de las anteriores jornadas, estimamos la participaci\u00f3n\u00a0cercana a un millar de personas, entre profesionales y estudiantes de todo el\u00a0territorio nacional e internacional.<\/div>\n<div id=\"_mcePaste\">Para promover la participaci\u00f3n de las distintas esferas regionales, sociales y\u00a0econ\u00f3micas hemos decidido fijar un monto por inscripci\u00f3n bastante accesible, que\u00a0facilite a quienes se trasladan desde el interior rendir sus presupuestos\u00a0permiti\u00e9ndoles cubrir tambi\u00e9n costos de traslado, alojamiento y comida.<\/div>\n<div id=\"_mcePaste\">A fin de preparar un evento de la calidad acostumbrada debemos equilibrar el\u00a0presupuesto a trav\u00e9s del aporte solidario de patrocinantes. Para lo cual deseamos\u00a0ofrecerle las modalidades disponibles al respecto. Por lo que esperamos nos ofrezca<\/div>\n<div id=\"_mcePaste\">un peque\u00f1o apartado de su valioso tiempo.<\/div>\n<div id=\"_mcePaste\">Quedando siempre a sus \u00f3rdenes, reciba un cordial saludo del Comit\u00e9 Organizador.<\/div>\n<div>Para m\u00e1s informaci\u00f3n comun\u00edquese con nosotros mediante los correos presidencia@cupec.edu.ve \/ webmastercup@cupec.edu.ve<\/div>\n<div>Tambi\u00e9n puede visitar nuestra p\u00e1gina web: <a href=\"http:\/\/cup.edu.ve\/congreso\/\">http:\/\/cup.edu.ve\/congreso\/<\/a><\/div>\n","protected":false},"excerpt":{"rendered":"<p>El Colegio Universitario de Psicopedagog\u00eda es una asociaci\u00f3n civil sin fines de lucro\u00a0que desde hace 40&#8230;<\/p>\n","protected":false},"author":9,"featured_media":29232,"comment_status":"closed","ping_status":"open","sticky":false,"template":"","format":"standard","meta":[],"categories":[],"tags":[],"_links":{"self":[{"href":"https:\/\/juanxxiii.e12.ve\/home\/wp-json\/wp\/v2\/posts\/5292"}],"collection":[{"href":"https:\/\/juanxxiii.e12.ve\/home\/wp-json\/wp\/v2\/posts"}],"about":[{"href":"https:\/\/juanxxiii.e12.ve\/home\/wp-json\/wp\/v2\/types\/post"}],"author":[{"embeddable":true,"href":"https:\/\/juanxxiii.e12.ve\/home\/wp-json\/wp\/v2\/users\/9"}],"replies":[{"embeddable":true,"href":"https:\/\/juanxxiii.e12.ve\/home\/wp-json\/wp\/v2\/comments?post=5292"}],"version-history":[{"count":4,"href":"https:\/\/juanxxiii.e12.ve\/home\/wp-json\/wp\/v2\/posts\/5292\/revisions"}],"predecessor-version":[{"id":5295,"href":"https:\/\/juanxxiii.e12.ve\/home\/wp-json\/wp\/v2\/posts\/5292\/revisions\/5295"}],"wp:featuredmedia":[{"embeddable":true,"href":"https:\/\/juanxxiii.e12.ve\/home\/wp-json\/wp\/v2\/media\/29232"}],"wp:attachment":[{"href":"https:\/\/juanxxiii.e12.ve\/home\/wp-json\/wp\/v2\/media?parent=5292"}],"wp:term":[{"taxonomy":"category","embeddable":true,"href":"https:\/\/juanxxiii.e12.ve\/home\/wp-json\/wp\/v2\/categories?post=5292"},{"taxonomy":"post_tag","embeddable":true,"href":"https:\/\/juanxxiii.e12.ve\/home\/wp-json\/wp\/v2\/tags?post=5292"}],"curies":[{"name":"wp","href":"https:\/\/api.w.org\/{rel}","templated":true}]}}